{"id":2729,"date":"2024-12-02T15:33:18","date_gmt":"2024-12-02T14:33:18","guid":{"rendered":"https:\/\/vitrinesdepontaven.com\/?p=2729"},"modified":"2025-01-27T15:26:59","modified_gmt":"2025-01-27T14:26:59","slug":"bijouterie","status":"publish","type":"post","link":"https:\/\/vitrinesdepontaven.com\/?p=2729","title":{"rendered":"Bijouterie"},"content":{"rendered":"\n<h2 class=\"wp-block-heading has-large-font-size\"><mark style=\"background-color:rgba(0, 0, 0, 0)\" class=\"has-inline-color has-kubio-color-1-color\">Dream On&nbsp;\u2013&nbsp;Bijoux Fantaisie et Accessoires Tendance<\/mark><\/h2>\n\n\n\n<p class=\"has-kubio-color-6-color has-text-color has-link-color has-medium-font-size wp-elements-3cc295cf4068234c6c07afeee4cce5bc\">Dream On \u00e0 Pont-Aven vous invite \u00e0 d\u00e9couvrir une collection unique de bijoux fabriqu\u00e9s \u00e0 partir d&rsquo;Or V\u00e9g\u00e9tal, une plante end\u00e9mique du Br\u00e9sil. Ce savoir-faire exceptionnel est pr\u00e9serv\u00e9 gr\u00e2ce \u00e0 un partenariat direct avec des artisans br\u00e9siliens, respectueux de l\u2019environnement et du commerce solidaire. La boutique propose des cr\u00e9ations originales, telles que des colliers, bracelets, boucles d&rsquo;oreilles et bagues, fabriqu\u00e9es \u00e0 la main avec une grande attention aux d\u00e9tails. Chaque pi\u00e8ce incarne \u00e0 la fois la beaut\u00e9 naturelle du Br\u00e9sil et l&rsquo;artisanat traditionnel, offrant ainsi des bijoux l\u00e9gers, pr\u00e9cieux et durables.<\/p>\n\n\n\n<p class=\"has-kubio-color-6-color has-text-color has-link-color has-medium-font-size wp-elements-ae9f18c02f623b06fd404a084f64e85f\">Dream On se distingue par son engagement envers le d\u00e9veloppement durable et son soutien aux artisans locaux, ce qui en fait un lieu unique \u00e0 Pont-Aven pour trouver des bijoux \u00e0 la fois \u00e9l\u00e9gants et responsables.<\/p>\n\n\n\n<figure class=\"wp-block-gallery has-nested-images columns-default is-cropped wp-block-gallery-1 is-layout-flex wp-block-gallery-is-layout-flex\">\n<figure class=\"wp-block-image size-large\"><img loading=\"lazy\" decoding=\"async\" width=\"840\" height=\"845\" data-id=\"2714\" src=\"https:\/\/vitrinesdepontaven.com\/wp-content\/uploads\/2024\/12\/Capture-decran-2024-12-02-144334.png\" alt=\"\" class=\"wp-image-2714\" srcset=\"https:\/\/vitrinesdepontaven.com\/wp-content\/uploads\/2024\/12\/Capture-decran-2024-12-02-144334.png 840w, https:\/\/vitrinesdepontaven.com\/wp-content\/uploads\/2024\/12\/Capture-decran-2024-12-02-144334-298x300.png 298w, https:\/\/vitrinesdepontaven.com\/wp-content\/uploads\/2024\/12\/Capture-decran-2024-12-02-144334-150x150.png 150w, https:\/\/vitrinesdepontaven.com\/wp-content\/uploads\/2024\/12\/Capture-decran-2024-12-02-144334-768x773.png 768w\" sizes=\"(max-width: 840px) 100vw, 840px\" \/><\/figure>\n\n\n\n<figure class=\"wp-block-image size-large\"><img loading=\"lazy\" decoding=\"async\" width=\"845\" height=\"821\" data-id=\"2715\" src=\"https:\/\/vitrinesdepontaven.com\/wp-content\/uploads\/2024\/12\/Capture-decran-2024-12-02-144436.png\" alt=\"\" class=\"wp-image-2715\" srcset=\"https:\/\/vitrinesdepontaven.com\/wp-content\/uploads\/2024\/12\/Capture-decran-2024-12-02-144436.png 845w, https:\/\/vitrinesdepontaven.com\/wp-content\/uploads\/2024\/12\/Capture-decran-2024-12-02-144436-300x291.png 300w, https:\/\/vitrinesdepontaven.com\/wp-content\/uploads\/2024\/12\/Capture-decran-2024-12-02-144436-768x746.png 768w\" sizes=\"(max-width: 845px) 100vw, 845px\" \/><\/figure>\n<\/figure>\n\n\n\n<p><\/p>\n\n\n\n<ul class=\"wp-block-list\">\n<li class=\"has-kubio-color-6-color has-text-color has-link-color has-medium-font-size wp-elements-b10d7ad933506c7ceb1f53160ab3da59\"><strong>Adresse<\/strong>&nbsp;: 36 Rue des Meuni\u00e8res, 29930 Pont-Aven<\/li>\n\n\n\n<li class=\"has-kubio-color-6-color has-text-color has-link-color has-medium-font-size wp-elements-edfd50920aad4c3b3b9ad0c8d0a1e7b8\"><strong>T\u00e9l\u00e9phone<\/strong>&nbsp;: 06 99 60 37 71<\/li>\n\n\n\n<li class=\"has-kubio-color-6-color has-text-color has-link-color has-medium-font-size wp-elements-f9de0236f19a303f1ef67911abcf6741\"><strong>Site internet :<\/strong>&nbsp;<a href=\"https:\/\/www.dream-on-nature.com\/\">Dream&nbsp;On&nbsp;&#8211; Or&nbsp;V\u00e9g\u00e9tal<\/a><\/li>\n<\/ul>\n\n\n\n<ul class=\"wp-block-social-links aligncenter is-layout-flex wp-block-social-links-is-layout-flex\"><li class=\"wp-social-link wp-social-link-instagram  wp-block-social-link\"><a href=\"https:\/\/www.instagram.com\/dream_on_nature\/\" class=\"wp-block-social-link-anchor\"><svg width=\"24\" height=\"24\" viewBox=\"0 0 24 24\" version=\"1.1\" xmlns=\"http:\/\/www.w3.org\/2000\/svg\" aria-hidden=\"true\" focusable=\"false\"><path d=\"M12,4.622c2.403,0,2.688,0.009,3.637,0.052c0.877,0.04,1.354,0.187,1.671,0.31c0.42,0.163,0.72,0.358,1.035,0.673 c0.315,0.315,0.51,0.615,0.673,1.035c0.123,0.317,0.27,0.794,0.31,1.671c0.043,0.949,0.052,1.234,0.052,3.637 s-0.009,2.688-0.052,3.637c-0.04,0.877-0.187,1.354-0.31,1.671c-0.163,0.42-0.358,0.72-0.673,1.035 c-0.315,0.315-0.615,0.51-1.035,0.673c-0.317,0.123-0.794,0.27-1.671,0.31c-0.949,0.043-1.233,0.052-3.637,0.052 s-2.688-0.009-3.637-0.052c-0.877-0.04-1.354-0.187-1.671-0.31c-0.42-0.163-0.72-0.358-1.035-0.673 c-0.315-0.315-0.51-0.615-0.673-1.035c-0.123-0.317-0.27-0.794-0.31-1.671C4.631,14.688,4.622,14.403,4.622,12 s0.009-2.688,0.052-3.637c0.04-0.877,0.187-1.354,0.31-1.671c0.163-0.42,0.358-0.72,0.673-1.035 c0.315-0.315,0.615-0.51,1.035-0.673c0.317-0.123,0.794-0.27,1.671-0.31C9.312,4.631,9.597,4.622,12,4.622 M12,3 C9.556,3,9.249,3.01,8.289,3.054C7.331,3.098,6.677,3.25,6.105,3.472C5.513,3.702,5.011,4.01,4.511,4.511 c-0.5,0.5-0.808,1.002-1.038,1.594C3.25,6.677,3.098,7.331,3.054,8.289C3.01,9.249,3,9.556,3,12c0,2.444,0.01,2.751,0.054,3.711 c0.044,0.958,0.196,1.612,0.418,2.185c0.23,0.592,0.538,1.094,1.038,1.594c0.5,0.5,1.002,0.808,1.594,1.038 c0.572,0.222,1.227,0.375,2.185,0.418C9.249,20.99,9.556,21,12,21s2.751-0.01,3.711-0.054c0.958-0.044,1.612-0.196,2.185-0.418 c0.592-0.23,1.094-0.538,1.594-1.038c0.5-0.5,0.808-1.002,1.038-1.594c0.222-0.572,0.375-1.227,0.418-2.185 C20.99,14.751,21,14.444,21,12s-0.01-2.751-0.054-3.711c-0.044-0.958-0.196-1.612-0.418-2.185c-0.23-0.592-0.538-1.094-1.038-1.594 c-0.5-0.5-1.002-0.808-1.594-1.038c-0.572-0.222-1.227-0.375-2.185-0.418C14.751,3.01,14.444,3,12,3L12,3z M12,7.378 c-2.552,0-4.622,2.069-4.622,4.622S9.448,16.622,12,16.622s4.622-2.069,4.622-4.622S14.552,7.378,12,7.378z M12,15 c-1.657,0-3-1.343-3-3s1.343-3,3-3s3,1.343,3,3S13.657,15,12,15z M16.804,6.116c-0.596,0-1.08,0.484-1.08,1.08 s0.484,1.08,1.08,1.08c0.596,0,1.08-0.484,1.08-1.08S17.401,6.116,16.804,6.116z\"><\/path><\/svg><span class=\"wp-block-social-link-label screen-reader-text\">Instagram<\/span><\/a><\/li>\n\n<li class=\"wp-social-link wp-social-link-facebook  wp-block-social-link\"><a href=\"https:\/\/www.facebook.com\/DreamOnNature\/?locale=fr_FR\" class=\"wp-block-social-link-anchor\"><svg width=\"24\" height=\"24\" viewBox=\"0 0 24 24\" version=\"1.1\" xmlns=\"http:\/\/www.w3.org\/2000\/svg\" aria-hidden=\"true\" focusable=\"false\"><path d=\"M12 2C6.5 2 2 6.5 2 12c0 5 3.7 9.1 8.4 9.9v-7H7.9V12h2.5V9.8c0-2.5 1.5-3.9 3.8-3.9 1.1 0 2.2.2 2.2.2v2.5h-1.3c-1.2 0-1.6.8-1.6 1.6V12h2.8l-.4 2.9h-2.3v7C18.3 21.1 22 17 22 12c0-5.5-4.5-10-10-10z\"><\/path><\/svg><span class=\"wp-block-social-link-label screen-reader-text\">Facebook<\/span><\/a><\/li><\/ul>\n\n\n\n<hr class=\"wp-block-separator alignwide has-alpha-channel-opacity\"\/>\n\n\n\n<h2 class=\"wp-block-heading has-kubio-color-1-color has-text-color has-link-color has-large-font-size wp-elements-6e917af0cac4f5ee1ad2727983fa08cf\">Bijouterie Satre \u2013 L\u2019Excellence Joailli\u00e8re au C\u0153ur de Pont-Aven<\/h2>\n\n\n\n<p class=\"has-kubio-color-6-color has-text-color has-link-color has-medium-font-size wp-elements-f822211c878ef20720ab472f62b162bd\">Implant\u00e9e depuis plus d\u2019un si\u00e8cle \u00e0 Pont-Aven,&nbsp;Bijouterie Satre&nbsp;est une adresse incontournable pour les amateurs de bijoux et montres d&rsquo;exception. Depuis 1903, cette maison familiale perp\u00e9tue un savoir-faire artisanal transmis \u00e0 travers quatre g\u00e9n\u00e9rations. Bijoux pr\u00e9cieux, montres \u00e9l\u00e9gantes et cr\u00e9ations uniques s\u2019y m\u00ealent pour offrir \u00e0 chaque visiteur une exp\u00e9rience personnalis\u00e9e et authentique.<\/p>\n\n\n\n<p class=\"has-kubio-color-6-color has-text-color has-link-color has-medium-font-size wp-elements-c8bda0d9e137e6f32a6d828a5035cdc5\">Chez Bijouterie Satre, tradition et modernit\u00e9 cohabitent harmonieusement. Chaque bijou, qu\u2019il s\u2019agisse d\u2019un pendentif, d\u2019une bague ou d\u2019un bracelet, refl\u00e8te une expertise incomparable et une attention aux d\u00e9tails. L\u2019atelier de r\u00e9paration, dot\u00e9 d\u2019artisans passionn\u00e9s, propose \u00e9galement des services de gravure et de restauration pour redonner vie \u00e0 vos pi\u00e8ces favorites.<\/p>\n\n\n\n<p class=\"has-kubio-color-6-color has-text-color has-link-color has-medium-font-size wp-elements-8c13a47470de80196b18ab03aa6246da\">En plus de ses bijoux, la bijouterie offre une large gamme de montres sign\u00e9es par des marques prestigieuses, alliant esth\u00e9tique et fonctionnalit\u00e9.<\/p>\n\n\n\n<figure class=\"wp-block-gallery has-nested-images columns-default is-cropped wp-block-gallery-2 is-layout-flex wp-block-gallery-is-layout-flex\">\n<figure class=\"wp-block-image size-large\"><img loading=\"lazy\" decoding=\"async\" width=\"1024\" height=\"682\" data-id=\"2730\" src=\"https:\/\/vitrinesdepontaven.com\/wp-content\/uploads\/2024\/12\/0Z6A0939-HDR-1024x682-1.jpg\" alt=\"\" class=\"wp-image-2730\" srcset=\"https:\/\/vitrinesdepontaven.com\/wp-content\/uploads\/2024\/12\/0Z6A0939-HDR-1024x682-1.jpg 1024w, https:\/\/vitrinesdepontaven.com\/wp-content\/uploads\/2024\/12\/0Z6A0939-HDR-1024x682-1-300x200.jpg 300w, https:\/\/vitrinesdepontaven.com\/wp-content\/uploads\/2024\/12\/0Z6A0939-HDR-1024x682-1-768x512.jpg 768w\" sizes=\"(max-width: 1024px) 100vw, 1024px\" \/><\/figure>\n\n\n\n<figure class=\"wp-block-image size-large\"><img loading=\"lazy\" decoding=\"async\" width=\"480\" height=\"640\" data-id=\"2556\" src=\"https:\/\/vitrinesdepontaven.com\/wp-content\/uploads\/2024\/11\/IMG_3994-rotated.jpg\" alt=\"\" class=\"wp-image-2556\" srcset=\"https:\/\/vitrinesdepontaven.com\/wp-content\/uploads\/2024\/11\/IMG_3994-rotated.jpg 480w, https:\/\/vitrinesdepontaven.com\/wp-content\/uploads\/2024\/11\/IMG_3994-225x300.jpg 225w, https:\/\/vitrinesdepontaven.com\/wp-content\/uploads\/2024\/11\/IMG_3994-110x146.jpg 110w, https:\/\/vitrinesdepontaven.com\/wp-content\/uploads\/2024\/11\/IMG_3994-38x50.jpg 38w, https:\/\/vitrinesdepontaven.com\/wp-content\/uploads\/2024\/11\/IMG_3994-56x75.jpg 56w\" sizes=\"(max-width: 480px) 100vw, 480px\" \/><\/figure>\n<\/figure>\n\n\n\n<p><\/p>\n\n\n\n<ul class=\"wp-block-list\">\n<li class=\"has-kubio-color-6-color has-text-color has-link-color has-medium-font-size wp-elements-c5327992c44207739034175d6ba646da\"><strong>Adresse<\/strong>&nbsp;: 14 Rue du Port, 29930 Pont-Aven<\/li>\n\n\n\n<li class=\"has-kubio-color-6-color has-text-color has-link-color has-medium-font-size wp-elements-d4e75a5511a44e238e160b99640d630e\"><strong>T\u00e9l\u00e9phone<\/strong>&nbsp;: 02 98 06 01 13<\/li>\n\n\n\n<li class=\"has-kubio-color-6-color has-text-color has-link-color has-medium-font-size wp-elements-69059b034ae5b0b291fd53db5ab09ca5\"><strong>Site internet :<\/strong><a href=\"https:\/\/bijouteriesatre.com\/\" target=\"_blank\" rel=\"noreferrer noopener\">Site&nbsp;internet<\/a><\/li>\n<\/ul>\n\n\n\n<ul class=\"wp-block-social-links aligncenter is-layout-flex wp-block-social-links-is-layout-flex\"><li class=\"wp-social-link wp-social-link-instagram  wp-block-social-link\"><a href=\"https:\/\/www.instagram.com\/satrebijouterie\/\" class=\"wp-block-social-link-anchor\"><svg width=\"24\" height=\"24\" viewBox=\"0 0 24 24\" version=\"1.1\" xmlns=\"http:\/\/www.w3.org\/2000\/svg\" aria-hidden=\"true\" focusable=\"false\"><path d=\"M12,4.622c2.403,0,2.688,0.009,3.637,0.052c0.877,0.04,1.354,0.187,1.671,0.31c0.42,0.163,0.72,0.358,1.035,0.673 c0.315,0.315,0.51,0.615,0.673,1.035c0.123,0.317,0.27,0.794,0.31,1.671c0.043,0.949,0.052,1.234,0.052,3.637 s-0.009,2.688-0.052,3.637c-0.04,0.877-0.187,1.354-0.31,1.671c-0.163,0.42-0.358,0.72-0.673,1.035 c-0.315,0.315-0.615,0.51-1.035,0.673c-0.317,0.123-0.794,0.27-1.671,0.31c-0.949,0.043-1.233,0.052-3.637,0.052 s-2.688-0.009-3.637-0.052c-0.877-0.04-1.354-0.187-1.671-0.31c-0.42-0.163-0.72-0.358-1.035-0.673 c-0.315-0.315-0.51-0.615-0.673-1.035c-0.123-0.317-0.27-0.794-0.31-1.671C4.631,14.688,4.622,14.403,4.622,12 s0.009-2.688,0.052-3.637c0.04-0.877,0.187-1.354,0.31-1.671c0.163-0.42,0.358-0.72,0.673-1.035 c0.315-0.315,0.615-0.51,1.035-0.673c0.317-0.123,0.794-0.27,1.671-0.31C9.312,4.631,9.597,4.622,12,4.622 M12,3 C9.556,3,9.249,3.01,8.289,3.054C7.331,3.098,6.677,3.25,6.105,3.472C5.513,3.702,5.011,4.01,4.511,4.511 c-0.5,0.5-0.808,1.002-1.038,1.594C3.25,6.677,3.098,7.331,3.054,8.289C3.01,9.249,3,9.556,3,12c0,2.444,0.01,2.751,0.054,3.711 c0.044,0.958,0.196,1.612,0.418,2.185c0.23,0.592,0.538,1.094,1.038,1.594c0.5,0.5,1.002,0.808,1.594,1.038 c0.572,0.222,1.227,0.375,2.185,0.418C9.249,20.99,9.556,21,12,21s2.751-0.01,3.711-0.054c0.958-0.044,1.612-0.196,2.185-0.418 c0.592-0.23,1.094-0.538,1.594-1.038c0.5-0.5,0.808-1.002,1.038-1.594c0.222-0.572,0.375-1.227,0.418-2.185 C20.99,14.751,21,14.444,21,12s-0.01-2.751-0.054-3.711c-0.044-0.958-0.196-1.612-0.418-2.185c-0.23-0.592-0.538-1.094-1.038-1.594 c-0.5-0.5-1.002-0.808-1.594-1.038c-0.572-0.222-1.227-0.375-2.185-0.418C14.751,3.01,14.444,3,12,3L12,3z M12,7.378 c-2.552,0-4.622,2.069-4.622,4.622S9.448,16.622,12,16.622s4.622-2.069,4.622-4.622S14.552,7.378,12,7.378z M12,15 c-1.657,0-3-1.343-3-3s1.343-3,3-3s3,1.343,3,3S13.657,15,12,15z M16.804,6.116c-0.596,0-1.08,0.484-1.08,1.08 s0.484,1.08,1.08,1.08c0.596,0,1.08-0.484,1.08-1.08S17.401,6.116,16.804,6.116z\"><\/path><\/svg><span class=\"wp-block-social-link-label screen-reader-text\">Instagram<\/span><\/a><\/li>\n\n<li class=\"wp-social-link wp-social-link-facebook  wp-block-social-link\"><a href=\"https:\/\/www.facebook.com\/people\/Bijouterie-Satre\/100057522785860\/\" class=\"wp-block-social-link-anchor\"><svg width=\"24\" height=\"24\" viewBox=\"0 0 24 24\" version=\"1.1\" xmlns=\"http:\/\/www.w3.org\/2000\/svg\" aria-hidden=\"true\" focusable=\"false\"><path d=\"M12 2C6.5 2 2 6.5 2 12c0 5 3.7 9.1 8.4 9.9v-7H7.9V12h2.5V9.8c0-2.5 1.5-3.9 3.8-3.9 1.1 0 2.2.2 2.2.2v2.5h-1.3c-1.2 0-1.6.8-1.6 1.6V12h2.8l-.4 2.9h-2.3v7C18.3 21.1 22 17 22 12c0-5.5-4.5-10-10-10z\"><\/path><\/svg><span class=\"wp-block-social-link-label screen-reader-text\">Facebook<\/span><\/a><\/li><\/ul>\n\n\n\n<hr class=\"wp-block-separator alignwide has-alpha-channel-opacity\"\/>\n","protected":false},"excerpt":{"rendered":"<p>Dream On&nbsp;\u2013&nbsp;Bijoux Fantaisie et Accessoires Tendance Dream On \u00e0 Pont-Aven vous invite \u00e0 d\u00e9couvrir une collection unique de bijoux fabriqu\u00e9s \u00e0 partir d&rsquo;Or V\u00e9g\u00e9tal, une plante end\u00e9mique du Br\u00e9sil. Ce savoir-faire exceptionnel est pr\u00e9serv\u00e9 gr\u00e2ce \u00e0 un partenariat direct avec des artisans br\u00e9siliens, respectueux de l\u2019environnement et du commerce solidaire. La boutique propose des cr\u00e9ations [&hellip;]<\/p>\n","protected":false},"author":1,"featured_media":0,"comment_status":"open","ping_status":"open","sticky":false,"template":"","format":"standard","meta":{"saved_in_kubio":false,"footnotes":""},"categories":[13],"tags":[],"class_list":["post-2729","post","type-post","status-publish","format-standard","hentry","category-boutique"],"yoast_head":"<!-- This site is optimized with the Yoast SEO plugin v23.9 - https:\/\/yoast.com\/wordpress\/plugins\/seo\/ -->\n<title>Bijouterie - Les Vitrines de Pont-Aven<\/title>\n<meta name=\"robots\" content=\"index, follow, max-snippet:-1, max-image-preview:large, max-video-preview:-1\" \/>\n<link rel=\"canonical\" href=\"https:\/\/vitrinesdepontaven.com\/?p=2729\" \/>\n<meta property=\"og:locale\" content=\"fr_FR\" \/>\n<meta property=\"og:type\" content=\"article\" \/>\n<meta property=\"og:title\" content=\"Bijouterie - Les Vitrines de Pont-Aven\" \/>\n<meta property=\"og:description\" content=\"Dream On&nbsp;\u2013&nbsp;Bijoux Fantaisie et Accessoires Tendance Dream On \u00e0 Pont-Aven vous invite \u00e0 d\u00e9couvrir une collection unique de bijoux fabriqu\u00e9s \u00e0 partir d&rsquo;Or V\u00e9g\u00e9tal, une plante end\u00e9mique du Br\u00e9sil. Ce savoir-faire exceptionnel est pr\u00e9serv\u00e9 gr\u00e2ce \u00e0 un partenariat direct avec des artisans br\u00e9siliens, respectueux de l\u2019environnement et du commerce solidaire. La boutique propose des cr\u00e9ations [&hellip;]\" \/>\n<meta property=\"og:url\" content=\"https:\/\/vitrinesdepontaven.com\/?p=2729\" \/>\n<meta property=\"og:site_name\" content=\"Les Vitrines de Pont-Aven\" \/>\n<meta property=\"article:author\" content=\"https:\/\/www.facebook.com\/vitrines2pontaven\/\" \/>\n<meta property=\"article:published_time\" content=\"2024-12-02T14:33:18+00:00\" \/>\n<meta property=\"article:modified_time\" content=\"2025-01-27T14:26:59+00:00\" \/>\n<meta property=\"og:image\" content=\"https:\/\/vitrinesdepontaven.com\/wp-content\/uploads\/2024\/12\/Capture-decran-2024-12-02-144334.png\" \/>\n\t<meta property=\"og:image:width\" content=\"840\" \/>\n\t<meta property=\"og:image:height\" content=\"845\" \/>\n\t<meta property=\"og:image:type\" content=\"image\/png\" \/>\n<meta name=\"author\" content=\"VitrinesDePontAven\" \/>\n<meta name=\"twitter:card\" content=\"summary_large_image\" \/>\n<meta name=\"twitter:label1\" content=\"\u00c9crit par\" \/>\n\t<meta name=\"twitter:data1\" content=\"VitrinesDePontAven\" \/>\n\t<meta name=\"twitter:label2\" content=\"Dur\u00e9e de lecture estim\u00e9e\" \/>\n\t<meta name=\"twitter:data2\" content=\"3 minutes\" \/>\n<script type=\"application\/ld+json\" class=\"yoast-schema-graph\">{\"@context\":\"https:\/\/schema.org\",\"@graph\":[{\"@type\":\"Article\",\"@id\":\"https:\/\/vitrinesdepontaven.com\/?p=2729#article\",\"isPartOf\":{\"@id\":\"https:\/\/vitrinesdepontaven.com\/?p=2729\"},\"author\":{\"name\":\"VitrinesDePontAven\",\"@id\":\"https:\/\/vitrinesdepontaven.com\/#\/schema\/person\/6b33a371b6c83502f362cd9a83c315de\"},\"headline\":\"Bijouterie\",\"datePublished\":\"2024-12-02T14:33:18+00:00\",\"dateModified\":\"2025-01-27T14:26:59+00:00\",\"mainEntityOfPage\":{\"@id\":\"https:\/\/vitrinesdepontaven.com\/?p=2729\"},\"wordCount\":348,\"commentCount\":0,\"publisher\":{\"@id\":\"https:\/\/vitrinesdepontaven.com\/#organization\"},\"image\":{\"@id\":\"https:\/\/vitrinesdepontaven.com\/?p=2729#primaryimage\"},\"thumbnailUrl\":\"https:\/\/vitrinesdepontaven.com\/wp-content\/uploads\/2024\/12\/Capture-decran-2024-12-02-144334.png\",\"articleSection\":[\"Boutiques\"],\"inLanguage\":\"fr-FR\",\"potentialAction\":[{\"@type\":\"CommentAction\",\"name\":\"Comment\",\"target\":[\"https:\/\/vitrinesdepontaven.com\/?p=2729#respond\"]}]},{\"@type\":\"WebPage\",\"@id\":\"https:\/\/vitrinesdepontaven.com\/?p=2729\",\"url\":\"https:\/\/vitrinesdepontaven.com\/?p=2729\",\"name\":\"Bijouterie - Les Vitrines de Pont-Aven\",\"isPartOf\":{\"@id\":\"https:\/\/vitrinesdepontaven.com\/#website\"},\"primaryImageOfPage\":{\"@id\":\"https:\/\/vitrinesdepontaven.com\/?p=2729#primaryimage\"},\"image\":{\"@id\":\"https:\/\/vitrinesdepontaven.com\/?p=2729#primaryimage\"},\"thumbnailUrl\":\"https:\/\/vitrinesdepontaven.com\/wp-content\/uploads\/2024\/12\/Capture-decran-2024-12-02-144334.png\",\"datePublished\":\"2024-12-02T14:33:18+00:00\",\"dateModified\":\"2025-01-27T14:26:59+00:00\",\"breadcrumb\":{\"@id\":\"https:\/\/vitrinesdepontaven.com\/?p=2729#breadcrumb\"},\"inLanguage\":\"fr-FR\",\"potentialAction\":[{\"@type\":\"ReadAction\",\"target\":[\"https:\/\/vitrinesdepontaven.com\/?p=2729\"]}]},{\"@type\":\"ImageObject\",\"inLanguage\":\"fr-FR\",\"@id\":\"https:\/\/vitrinesdepontaven.com\/?p=2729#primaryimage\",\"url\":\"https:\/\/vitrinesdepontaven.com\/wp-content\/uploads\/2024\/12\/Capture-decran-2024-12-02-144334.png\",\"contentUrl\":\"https:\/\/vitrinesdepontaven.com\/wp-content\/uploads\/2024\/12\/Capture-decran-2024-12-02-144334.png\",\"width\":840,\"height\":845},{\"@type\":\"BreadcrumbList\",\"@id\":\"https:\/\/vitrinesdepontaven.com\/?p=2729#breadcrumb\",\"itemListElement\":[{\"@type\":\"ListItem\",\"position\":1,\"name\":\"Accueil\",\"item\":\"https:\/\/vitrinesdepontaven.com\/\"},{\"@type\":\"ListItem\",\"position\":2,\"name\":\"Bijouterie\"}]},{\"@type\":\"WebSite\",\"@id\":\"https:\/\/vitrinesdepontaven.com\/#website\",\"url\":\"https:\/\/vitrinesdepontaven.com\/\",\"name\":\"Les Vitrines de Pont-Aven\",\"description\":\"Groupement de  commer\u00e7ants de Pont Aven\",\"publisher\":{\"@id\":\"https:\/\/vitrinesdepontaven.com\/#organization\"},\"potentialAction\":[{\"@type\":\"SearchAction\",\"target\":{\"@type\":\"EntryPoint\",\"urlTemplate\":\"https:\/\/vitrinesdepontaven.com\/?s={search_term_string}\"},\"query-input\":{\"@type\":\"PropertyValueSpecification\",\"valueRequired\":true,\"valueName\":\"search_term_string\"}}],\"inLanguage\":\"fr-FR\"},{\"@type\":\"Organization\",\"@id\":\"https:\/\/vitrinesdepontaven.com\/#organization\",\"name\":\"Les Vitrines de Pont-Aven\",\"url\":\"https:\/\/vitrinesdepontaven.com\/\",\"logo\":{\"@type\":\"ImageObject\",\"inLanguage\":\"fr-FR\",\"@id\":\"https:\/\/vitrinesdepontaven.com\/#\/schema\/logo\/image\/\",\"url\":\"https:\/\/vitrinesdepontaven.com\/wp-content\/uploads\/2019\/05\/cropped-Image-logo.jpg\",\"contentUrl\":\"https:\/\/vitrinesdepontaven.com\/wp-content\/uploads\/2019\/05\/cropped-Image-logo.jpg\",\"width\":512,\"height\":512,\"caption\":\"Les Vitrines de Pont-Aven \"},\"image\":{\"@id\":\"https:\/\/vitrinesdepontaven.com\/#\/schema\/logo\/image\/\"}},{\"@type\":\"Person\",\"@id\":\"https:\/\/vitrinesdepontaven.com\/#\/schema\/person\/6b33a371b6c83502f362cd9a83c315de\",\"name\":\"VitrinesDePontAven\",\"image\":{\"@type\":\"ImageObject\",\"inLanguage\":\"fr-FR\",\"@id\":\"https:\/\/vitrinesdepontaven.com\/#\/schema\/person\/image\/\",\"url\":\"https:\/\/secure.gravatar.com\/avatar\/af445232e6ba0eed55080631c19f2051?s=96&d=mm&r=g\",\"contentUrl\":\"https:\/\/secure.gravatar.com\/avatar\/af445232e6ba0eed55080631c19f2051?s=96&d=mm&r=g\",\"caption\":\"VitrinesDePontAven\"},\"sameAs\":[\"https:\/\/www.facebook.com\/vitrines2pontaven\/\",\"https:\/\/www.instagram.com\/vitrinesdepontaven\/\"],\"url\":\"https:\/\/vitrinesdepontaven.com\/?author=1\"}]}<\/script>\n<!-- \/ Yoast SEO plugin. -->","yoast_head_json":{"title":"Bijouterie - Les Vitrines de Pont-Aven","robots":{"index":"index","follow":"follow","max-snippet":"max-snippet:-1","max-image-preview":"max-image-preview:large","max-video-preview":"max-video-preview:-1"},"canonical":"https:\/\/vitrinesdepontaven.com\/?p=2729","og_locale":"fr_FR","og_type":"article","og_title":"Bijouterie - Les Vitrines de Pont-Aven","og_description":"Dream On&nbsp;\u2013&nbsp;Bijoux Fantaisie et Accessoires Tendance Dream On \u00e0 Pont-Aven vous invite \u00e0 d\u00e9couvrir une collection unique de bijoux fabriqu\u00e9s \u00e0 partir d&rsquo;Or V\u00e9g\u00e9tal, une plante end\u00e9mique du Br\u00e9sil. Ce savoir-faire exceptionnel est pr\u00e9serv\u00e9 gr\u00e2ce \u00e0 un partenariat direct avec des artisans br\u00e9siliens, respectueux de l\u2019environnement et du commerce solidaire. La boutique propose des cr\u00e9ations [&hellip;]","og_url":"https:\/\/vitrinesdepontaven.com\/?p=2729","og_site_name":"Les Vitrines de Pont-Aven","article_author":"https:\/\/www.facebook.com\/vitrines2pontaven\/","article_published_time":"2024-12-02T14:33:18+00:00","article_modified_time":"2025-01-27T14:26:59+00:00","og_image":[{"width":840,"height":845,"url":"https:\/\/vitrinesdepontaven.com\/wp-content\/uploads\/2024\/12\/Capture-decran-2024-12-02-144334.png","type":"image\/png"}],"author":"VitrinesDePontAven","twitter_card":"summary_large_image","twitter_misc":{"\u00c9crit par":"VitrinesDePontAven","Dur\u00e9e de lecture estim\u00e9e":"3 minutes"},"schema":{"@context":"https:\/\/schema.org","@graph":[{"@type":"Article","@id":"https:\/\/vitrinesdepontaven.com\/?p=2729#article","isPartOf":{"@id":"https:\/\/vitrinesdepontaven.com\/?p=2729"},"author":{"name":"VitrinesDePontAven","@id":"https:\/\/vitrinesdepontaven.com\/#\/schema\/person\/6b33a371b6c83502f362cd9a83c315de"},"headline":"Bijouterie","datePublished":"2024-12-02T14:33:18+00:00","dateModified":"2025-01-27T14:26:59+00:00","mainEntityOfPage":{"@id":"https:\/\/vitrinesdepontaven.com\/?p=2729"},"wordCount":348,"commentCount":0,"publisher":{"@id":"https:\/\/vitrinesdepontaven.com\/#organization"},"image":{"@id":"https:\/\/vitrinesdepontaven.com\/?p=2729#primaryimage"},"thumbnailUrl":"https:\/\/vitrinesdepontaven.com\/wp-content\/uploads\/2024\/12\/Capture-decran-2024-12-02-144334.png","articleSection":["Boutiques"],"inLanguage":"fr-FR","potentialAction":[{"@type":"CommentAction","name":"Comment","target":["https:\/\/vitrinesdepontaven.com\/?p=2729#respond"]}]},{"@type":"WebPage","@id":"https:\/\/vitrinesdepontaven.com\/?p=2729","url":"https:\/\/vitrinesdepontaven.com\/?p=2729","name":"Bijouterie - Les Vitrines de Pont-Aven","isPartOf":{"@id":"https:\/\/vitrinesdepontaven.com\/#website"},"primaryImageOfPage":{"@id":"https:\/\/vitrinesdepontaven.com\/?p=2729#primaryimage"},"image":{"@id":"https:\/\/vitrinesdepontaven.com\/?p=2729#primaryimage"},"thumbnailUrl":"https:\/\/vitrinesdepontaven.com\/wp-content\/uploads\/2024\/12\/Capture-decran-2024-12-02-144334.png","datePublished":"2024-12-02T14:33:18+00:00","dateModified":"2025-01-27T14:26:59+00:00","breadcrumb":{"@id":"https:\/\/vitrinesdepontaven.com\/?p=2729#breadcrumb"},"inLanguage":"fr-FR","potentialAction":[{"@type":"ReadAction","target":["https:\/\/vitrinesdepontaven.com\/?p=2729"]}]},{"@type":"ImageObject","inLanguage":"fr-FR","@id":"https:\/\/vitrinesdepontaven.com\/?p=2729#primaryimage","url":"https:\/\/vitrinesdepontaven.com\/wp-content\/uploads\/2024\/12\/Capture-decran-2024-12-02-144334.png","contentUrl":"https:\/\/vitrinesdepontaven.com\/wp-content\/uploads\/2024\/12\/Capture-decran-2024-12-02-144334.png","width":840,"height":845},{"@type":"BreadcrumbList","@id":"https:\/\/vitrinesdepontaven.com\/?p=2729#breadcrumb","itemListElement":[{"@type":"ListItem","position":1,"name":"Accueil","item":"https:\/\/vitrinesdepontaven.com\/"},{"@type":"ListItem","position":2,"name":"Bijouterie"}]},{"@type":"WebSite","@id":"https:\/\/vitrinesdepontaven.com\/#website","url":"https:\/\/vitrinesdepontaven.com\/","name":"Les Vitrines de Pont-Aven","description":"Groupement de  commer\u00e7ants de Pont Aven","publisher":{"@id":"https:\/\/vitrinesdepontaven.com\/#organization"},"potentialAction":[{"@type":"SearchAction","target":{"@type":"EntryPoint","urlTemplate":"https:\/\/vitrinesdepontaven.com\/?s={search_term_string}"},"query-input":{"@type":"PropertyValueSpecification","valueRequired":true,"valueName":"search_term_string"}}],"inLanguage":"fr-FR"},{"@type":"Organization","@id":"https:\/\/vitrinesdepontaven.com\/#organization","name":"Les Vitrines de Pont-Aven","url":"https:\/\/vitrinesdepontaven.com\/","logo":{"@type":"ImageObject","inLanguage":"fr-FR","@id":"https:\/\/vitrinesdepontaven.com\/#\/schema\/logo\/image\/","url":"https:\/\/vitrinesdepontaven.com\/wp-content\/uploads\/2019\/05\/cropped-Image-logo.jpg","contentUrl":"https:\/\/vitrinesdepontaven.com\/wp-content\/uploads\/2019\/05\/cropped-Image-logo.jpg","width":512,"height":512,"caption":"Les Vitrines de Pont-Aven "},"image":{"@id":"https:\/\/vitrinesdepontaven.com\/#\/schema\/logo\/image\/"}},{"@type":"Person","@id":"https:\/\/vitrinesdepontaven.com\/#\/schema\/person\/6b33a371b6c83502f362cd9a83c315de","name":"VitrinesDePontAven","image":{"@type":"ImageObject","inLanguage":"fr-FR","@id":"https:\/\/vitrinesdepontaven.com\/#\/schema\/person\/image\/","url":"https:\/\/secure.gravatar.com\/avatar\/af445232e6ba0eed55080631c19f2051?s=96&d=mm&r=g","contentUrl":"https:\/\/secure.gravatar.com\/avatar\/af445232e6ba0eed55080631c19f2051?s=96&d=mm&r=g","caption":"VitrinesDePontAven"},"sameAs":["https:\/\/www.facebook.com\/vitrines2pontaven\/","https:\/\/www.instagram.com\/vitrinesdepontaven\/"],"url":"https:\/\/vitrinesdepontaven.com\/?author=1"}]}},"_links":{"self":[{"href":"https:\/\/vitrinesdepontaven.com\/index.php?rest_route=\/wp\/v2\/posts\/2729","targetHints":{"allow":["GET"]}}],"collection":[{"href":"https:\/\/vitrinesdepontaven.com\/index.php?rest_route=\/wp\/v2\/posts"}],"about":[{"href":"https:\/\/vitrinesdepontaven.com\/index.php?rest_route=\/wp\/v2\/types\/post"}],"author":[{"embeddable":true,"href":"https:\/\/vitrinesdepontaven.com\/index.php?rest_route=\/wp\/v2\/users\/1"}],"replies":[{"embeddable":true,"href":"https:\/\/vitrinesdepontaven.com\/index.php?rest_route=%2Fwp%2Fv2%2Fcomments&post=2729"}],"version-history":[{"count":2,"href":"https:\/\/vitrinesdepontaven.com\/index.php?rest_route=\/wp\/v2\/posts\/2729\/revisions"}],"predecessor-version":[{"id":2865,"href":"https:\/\/vitrinesdepontaven.com\/index.php?rest_route=\/wp\/v2\/posts\/2729\/revisions\/2865"}],"wp:attachment":[{"href":"https:\/\/vitrinesdepontaven.com\/index.php?rest_route=%2Fwp%2Fv2%2Fmedia&parent=2729"}],"wp:term":[{"taxonomy":"category","embeddable":true,"href":"https:\/\/vitrinesdepontaven.com\/index.php?rest_route=%2Fwp%2Fv2%2Fcategories&post=2729"},{"taxonomy":"post_tag","embeddable":true,"href":"https:\/\/vitrinesdepontaven.com\/index.php?rest_route=%2Fwp%2Fv2%2Ftags&post=2729"}],"curies":[{"name":"wp","href":"https:\/\/api.w.org\/{rel}","templated":true}]}}