{"id":2704,"date":"2024-12-02T14:46:00","date_gmt":"2024-12-02T13:46:00","guid":{"rendered":"https:\/\/vitrinesdepontaven.com\/?p=2704"},"modified":"2026-04-03T11:43:45","modified_gmt":"2026-04-03T09:43:45","slug":"mode-et-accessoires","status":"publish","type":"post","link":"https:\/\/vitrinesdepontaven.com\/?p=2704","title":{"rendered":"Mode et Accessoires"},"content":{"rendered":"\n<h3 class=\"wp-block-heading has-kubio-color-1-color has-text-color has-link-color has-large-font-size wp-elements-1f05c4b5c8a6c960ac07356f18bd7f3b\">7 Bis&nbsp;\u2013&nbsp;V\u00eatements et Accessoires \u00c9l\u00e9gants<\/h3>\n\n\n\n<p class=\"has-kubio-color-6-color has-text-color has-link-color has-medium-font-size wp-elements-9ec44c97a059522aefe2211ba2b674c0\">Situ\u00e9e en plein c\u0153ur de Pont-Aven,&nbsp;7 Bis&nbsp;est une boutique incontournable pour les amoureux de mode. Elle propose une s\u00e9lection pointue de v\u00eatements et accessoires modernes, toujours dans l&rsquo;air du temps. Chaque article est choisi avec soin pour allier confort et \u00e9l\u00e9gance, et la boutique met l&rsquo;accent sur des marques de cr\u00e9ateurs qui allient qualit\u00e9 et style. Que vous cherchiez une tenue pour une occasion sp\u00e9ciale ou des accessoires pour compl\u00e9ter votre look, 7 Bis saura satisfaire vos attentes. Le personnel, \u00e0 l&rsquo;\u00e9coute et toujours de bon conseil, vous aide \u00e0 trouver la pi\u00e8ce parfaite pour exprimer votre personnalit\u00e9 \u00e0 travers la mode.<\/p>\n\n\n\n<figure class=\"wp-block-gallery has-nested-images columns-default is-cropped wp-block-gallery-1 is-layout-flex wp-block-gallery-is-layout-flex\">\n<figure class=\"wp-block-image size-large\"><img loading=\"lazy\" decoding=\"async\" width=\"1024\" height=\"618\" data-id=\"2712\" src=\"https:\/\/vitrinesdepontaven.com\/wp-content\/uploads\/2024\/12\/IMG_0584-e1699200846877-1024x618-2.jpeg\" alt=\"\" class=\"wp-image-2712\" srcset=\"https:\/\/vitrinesdepontaven.com\/wp-content\/uploads\/2024\/12\/IMG_0584-e1699200846877-1024x618-2.jpeg 1024w, https:\/\/vitrinesdepontaven.com\/wp-content\/uploads\/2024\/12\/IMG_0584-e1699200846877-1024x618-2-300x181.jpeg 300w, https:\/\/vitrinesdepontaven.com\/wp-content\/uploads\/2024\/12\/IMG_0584-e1699200846877-1024x618-2-768x464.jpeg 768w\" sizes=\"(max-width: 1024px) 100vw, 1024px\" \/><\/figure>\n\n\n\n<figure class=\"wp-block-image size-large\"><img loading=\"lazy\" decoding=\"async\" width=\"480\" height=\"640\" data-id=\"2554\" src=\"https:\/\/vitrinesdepontaven.com\/wp-content\/uploads\/2024\/11\/IMG_3892-1-rotated.jpg\" alt=\"\" class=\"wp-image-2554\" srcset=\"https:\/\/vitrinesdepontaven.com\/wp-content\/uploads\/2024\/11\/IMG_3892-1-rotated.jpg 480w, https:\/\/vitrinesdepontaven.com\/wp-content\/uploads\/2024\/11\/IMG_3892-1-225x300.jpg 225w, https:\/\/vitrinesdepontaven.com\/wp-content\/uploads\/2024\/11\/IMG_3892-1-110x146.jpg 110w, https:\/\/vitrinesdepontaven.com\/wp-content\/uploads\/2024\/11\/IMG_3892-1-38x50.jpg 38w, https:\/\/vitrinesdepontaven.com\/wp-content\/uploads\/2024\/11\/IMG_3892-1-56x75.jpg 56w\" sizes=\"(max-width: 480px) 100vw, 480px\" \/><\/figure>\n<\/figure>\n\n\n\n<p><\/p>\n\n\n\n<ul class=\"wp-block-list\">\n<li class=\"has-kubio-color-6-color has-text-color has-link-color has-medium-font-size wp-elements-4ec18de8085df3d21d459ee5038e49bf\"><strong>Adresse<\/strong>&nbsp;: 7 Rue Emile Bernard, 29930 Pont-Aven<\/li>\n\n\n\n<li class=\"has-kubio-color-6-color has-text-color has-link-color has-medium-font-size wp-elements-d3686eee7c2c177aee01ab3e01f1d106\"><strong>T\u00e9l\u00e9phone<\/strong>&nbsp;: <strong>&nbsp;<\/strong>02 98 09 16 42<\/li>\n\n\n\n<li class=\"has-kubio-color-6-color has-text-color has-link-color has-medium-font-size wp-elements-65f65e0d31e661398d6b6e063571ad50\"><strong>Site internet<\/strong>&nbsp;:&nbsp;<a href=\"https:\/\/7bis-pontaven.fr\/\">7bis<\/a><a href=\"https:\/\/7bispontaven.fr\/\">-pontaven.fr<\/a><\/li>\n<\/ul>\n\n\n\n<ul class=\"wp-block-social-links aligncenter is-layout-flex wp-block-social-links-is-layout-flex\"><li class=\"wp-social-link wp-social-link-facebook  wp-block-social-link\"><a href=\"https:\/\/www.facebook.com\/7bishistoiredemode\/\" class=\"wp-block-social-link-anchor\"><svg width=\"24\" height=\"24\" viewBox=\"0 0 24 24\" version=\"1.1\" xmlns=\"http:\/\/www.w3.org\/2000\/svg\" aria-hidden=\"true\" focusable=\"false\"><path d=\"M12 2C6.5 2 2 6.5 2 12c0 5 3.7 9.1 8.4 9.9v-7H7.9V12h2.5V9.8c0-2.5 1.5-3.9 3.8-3.9 1.1 0 2.2.2 2.2.2v2.5h-1.3c-1.2 0-1.6.8-1.6 1.6V12h2.8l-.4 2.9h-2.3v7C18.3 21.1 22 17 22 12c0-5.5-4.5-10-10-10z\"><\/path><\/svg><span class=\"wp-block-social-link-label screen-reader-text\">Facebook<\/span><\/a><\/li>\n\n<li class=\"wp-social-link wp-social-link-instagram  wp-block-social-link\"><a href=\"https:\/\/www.instagram.com\/sept.bis\/\" class=\"wp-block-social-link-anchor\"><svg width=\"24\" height=\"24\" viewBox=\"0 0 24 24\" version=\"1.1\" xmlns=\"http:\/\/www.w3.org\/2000\/svg\" aria-hidden=\"true\" focusable=\"false\"><path d=\"M12,4.622c2.403,0,2.688,0.009,3.637,0.052c0.877,0.04,1.354,0.187,1.671,0.31c0.42,0.163,0.72,0.358,1.035,0.673 c0.315,0.315,0.51,0.615,0.673,1.035c0.123,0.317,0.27,0.794,0.31,1.671c0.043,0.949,0.052,1.234,0.052,3.637 s-0.009,2.688-0.052,3.637c-0.04,0.877-0.187,1.354-0.31,1.671c-0.163,0.42-0.358,0.72-0.673,1.035 c-0.315,0.315-0.615,0.51-1.035,0.673c-0.317,0.123-0.794,0.27-1.671,0.31c-0.949,0.043-1.233,0.052-3.637,0.052 s-2.688-0.009-3.637-0.052c-0.877-0.04-1.354-0.187-1.671-0.31c-0.42-0.163-0.72-0.358-1.035-0.673 c-0.315-0.315-0.51-0.615-0.673-1.035c-0.123-0.317-0.27-0.794-0.31-1.671C4.631,14.688,4.622,14.403,4.622,12 s0.009-2.688,0.052-3.637c0.04-0.877,0.187-1.354,0.31-1.671c0.163-0.42,0.358-0.72,0.673-1.035 c0.315-0.315,0.615-0.51,1.035-0.673c0.317-0.123,0.794-0.27,1.671-0.31C9.312,4.631,9.597,4.622,12,4.622 M12,3 C9.556,3,9.249,3.01,8.289,3.054C7.331,3.098,6.677,3.25,6.105,3.472C5.513,3.702,5.011,4.01,4.511,4.511 c-0.5,0.5-0.808,1.002-1.038,1.594C3.25,6.677,3.098,7.331,3.054,8.289C3.01,9.249,3,9.556,3,12c0,2.444,0.01,2.751,0.054,3.711 c0.044,0.958,0.196,1.612,0.418,2.185c0.23,0.592,0.538,1.094,1.038,1.594c0.5,0.5,1.002,0.808,1.594,1.038 c0.572,0.222,1.227,0.375,2.185,0.418C9.249,20.99,9.556,21,12,21s2.751-0.01,3.711-0.054c0.958-0.044,1.612-0.196,2.185-0.418 c0.592-0.23,1.094-0.538,1.594-1.038c0.5-0.5,0.808-1.002,1.038-1.594c0.222-0.572,0.375-1.227,0.418-2.185 C20.99,14.751,21,14.444,21,12s-0.01-2.751-0.054-3.711c-0.044-0.958-0.196-1.612-0.418-2.185c-0.23-0.592-0.538-1.094-1.038-1.594 c-0.5-0.5-1.002-0.808-1.594-1.038c-0.572-0.222-1.227-0.375-2.185-0.418C14.751,3.01,14.444,3,12,3L12,3z M12,7.378 c-2.552,0-4.622,2.069-4.622,4.622S9.448,16.622,12,16.622s4.622-2.069,4.622-4.622S14.552,7.378,12,7.378z M12,15 c-1.657,0-3-1.343-3-3s1.343-3,3-3s3,1.343,3,3S13.657,15,12,15z M16.804,6.116c-0.596,0-1.08,0.484-1.08,1.08 s0.484,1.08,1.08,1.08c0.596,0,1.08-0.484,1.08-1.08S17.401,6.116,16.804,6.116z\"><\/path><\/svg><span class=\"wp-block-social-link-label screen-reader-text\">Instagram<\/span><\/a><\/li><\/ul>\n\n\n\n<hr class=\"wp-block-separator has-alpha-channel-opacity\"\/>\n\n\n\n<h3 class=\"wp-block-heading has-kubio-color-1-color has-text-color has-link-color has-large-font-size wp-elements-254cda359376f208caf3685c87535717\"><strong>La Rocaille<\/strong>&nbsp;\u2013&nbsp;<strong>Mode Bretonne et Accessoires Locaux<\/strong><\/h3>\n\n\n\n<p class=\"has-kubio-color-6-color has-text-color has-link-color has-medium-font-size wp-elements-86a08c66b99e107c8ec47354098ece44\">Au c\u0153ur de Pont-Aven,&nbsp;La Rocaille&nbsp;vous plonge dans l&rsquo;univers de la mode bretonne. Sp\u00e9cialis\u00e9e dans les v\u00eatements et accessoires inspir\u00e9s des traditions locales, cette boutique vous propose des pi\u00e8ces uniques qui allient confort, \u00e9l\u00e9gance et savoir-faire artisanal. La boutique met en avant des cr\u00e9ateurs locaux et des mat\u00e9riaux traditionnels, tout en restant r\u00e9solument moderne. Vous y trouverez des v\u00eatements de qualit\u00e9, des accessoires bretons typiques et des pi\u00e8ces originales qui c\u00e9l\u00e8brent l&rsquo;art de vivre en Bretagne. <\/p>\n\n\n\n<p class=\"has-kubio-color-6-color has-text-color has-link-color has-medium-font-size wp-elements-57b2ddb276be6809b1ce7b61e8b526eb\">La Rocaille est un lieu o\u00f9 la mode s&rsquo;ancre dans la culture bretonne, offrant \u00e0 ses clients une v\u00e9ritable exp\u00e9rience de shopping authentique.<\/p>\n\n\n\n<figure class=\"wp-block-gallery has-nested-images columns-default is-cropped wp-block-gallery-2 is-layout-flex wp-block-gallery-is-layout-flex\">\n<figure class=\"wp-block-image size-large\"><img loading=\"lazy\" decoding=\"async\" width=\"480\" height=\"640\" data-id=\"2552\" src=\"https:\/\/vitrinesdepontaven.com\/wp-content\/uploads\/2024\/11\/IMG_3980-1-rotated.jpg\" alt=\"\" class=\"wp-image-2552\" srcset=\"https:\/\/vitrinesdepontaven.com\/wp-content\/uploads\/2024\/11\/IMG_3980-1-rotated.jpg 480w, https:\/\/vitrinesdepontaven.com\/wp-content\/uploads\/2024\/11\/IMG_3980-1-225x300.jpg 225w, https:\/\/vitrinesdepontaven.com\/wp-content\/uploads\/2024\/11\/IMG_3980-1-110x146.jpg 110w, https:\/\/vitrinesdepontaven.com\/wp-content\/uploads\/2024\/11\/IMG_3980-1-38x50.jpg 38w, https:\/\/vitrinesdepontaven.com\/wp-content\/uploads\/2024\/11\/IMG_3980-1-56x75.jpg 56w\" sizes=\"(max-width: 480px) 100vw, 480px\" \/><\/figure>\n<\/figure>\n\n\n\n<p><\/p>\n\n\n\n<ul class=\"wp-block-list\">\n<li class=\"has-kubio-color-6-color has-text-color has-link-color has-medium-font-size wp-elements-b23d206e3b69809c7fdb417e39b1ccf5\"><strong>Adresse<\/strong>&nbsp;: 11 Rue du G\u00e9n\u00e9ral de Gaulle, 29930 Pont-Aven<\/li>\n\n\n\n<li class=\"has-kubio-color-6-color has-text-color has-link-color has-medium-font-size wp-elements-ca059238a04bd67688e8685b4083c308\"><strong>T\u00e9l\u00e9phone<\/strong>&nbsp;: 09 77 00 90 53<\/li>\n\n\n\n<li class=\"has-kubio-color-6-color has-text-color has-link-color has-medium-font-size wp-elements-eb315dfe9f117034ec5ebca5dc071c98\"><strong>Site internet<\/strong>&nbsp;:&nbsp;<a href=\"https:\/\/www.larocaille-pontaven.com\/\">La&nbsp;Rocaille<\/a><\/li>\n<\/ul>\n\n\n\n<ul class=\"wp-block-social-links aligncenter is-layout-flex wp-block-social-links-is-layout-flex\"><li class=\"wp-social-link wp-social-link-instagram  wp-block-social-link\"><a href=\"https:\/\/www.instagram.com\/larocailledelaven\/\" class=\"wp-block-social-link-anchor\"><svg width=\"24\" height=\"24\" viewBox=\"0 0 24 24\" version=\"1.1\" xmlns=\"http:\/\/www.w3.org\/2000\/svg\" aria-hidden=\"true\" focusable=\"false\"><path d=\"M12,4.622c2.403,0,2.688,0.009,3.637,0.052c0.877,0.04,1.354,0.187,1.671,0.31c0.42,0.163,0.72,0.358,1.035,0.673 c0.315,0.315,0.51,0.615,0.673,1.035c0.123,0.317,0.27,0.794,0.31,1.671c0.043,0.949,0.052,1.234,0.052,3.637 s-0.009,2.688-0.052,3.637c-0.04,0.877-0.187,1.354-0.31,1.671c-0.163,0.42-0.358,0.72-0.673,1.035 c-0.315,0.315-0.615,0.51-1.035,0.673c-0.317,0.123-0.794,0.27-1.671,0.31c-0.949,0.043-1.233,0.052-3.637,0.052 s-2.688-0.009-3.637-0.052c-0.877-0.04-1.354-0.187-1.671-0.31c-0.42-0.163-0.72-0.358-1.035-0.673 c-0.315-0.315-0.51-0.615-0.673-1.035c-0.123-0.317-0.27-0.794-0.31-1.671C4.631,14.688,4.622,14.403,4.622,12 s0.009-2.688,0.052-3.637c0.04-0.877,0.187-1.354,0.31-1.671c0.163-0.42,0.358-0.72,0.673-1.035 c0.315-0.315,0.615-0.51,1.035-0.673c0.317-0.123,0.794-0.27,1.671-0.31C9.312,4.631,9.597,4.622,12,4.622 M12,3 C9.556,3,9.249,3.01,8.289,3.054C7.331,3.098,6.677,3.25,6.105,3.472C5.513,3.702,5.011,4.01,4.511,4.511 c-0.5,0.5-0.808,1.002-1.038,1.594C3.25,6.677,3.098,7.331,3.054,8.289C3.01,9.249,3,9.556,3,12c0,2.444,0.01,2.751,0.054,3.711 c0.044,0.958,0.196,1.612,0.418,2.185c0.23,0.592,0.538,1.094,1.038,1.594c0.5,0.5,1.002,0.808,1.594,1.038 c0.572,0.222,1.227,0.375,2.185,0.418C9.249,20.99,9.556,21,12,21s2.751-0.01,3.711-0.054c0.958-0.044,1.612-0.196,2.185-0.418 c0.592-0.23,1.094-0.538,1.594-1.038c0.5-0.5,0.808-1.002,1.038-1.594c0.222-0.572,0.375-1.227,0.418-2.185 C20.99,14.751,21,14.444,21,12s-0.01-2.751-0.054-3.711c-0.044-0.958-0.196-1.612-0.418-2.185c-0.23-0.592-0.538-1.094-1.038-1.594 c-0.5-0.5-1.002-0.808-1.594-1.038c-0.572-0.222-1.227-0.375-2.185-0.418C14.751,3.01,14.444,3,12,3L12,3z M12,7.378 c-2.552,0-4.622,2.069-4.622,4.622S9.448,16.622,12,16.622s4.622-2.069,4.622-4.622S14.552,7.378,12,7.378z M12,15 c-1.657,0-3-1.343-3-3s1.343-3,3-3s3,1.343,3,3S13.657,15,12,15z M16.804,6.116c-0.596,0-1.08,0.484-1.08,1.08 s0.484,1.08,1.08,1.08c0.596,0,1.08-0.484,1.08-1.08S17.401,6.116,16.804,6.116z\"><\/path><\/svg><span class=\"wp-block-social-link-label screen-reader-text\">Instagram<\/span><\/a><\/li>\n\n<li class=\"wp-social-link wp-social-link-facebook  wp-block-social-link\"><a href=\"https:\/\/www.facebook.com\/larocailledelaven\/\" class=\"wp-block-social-link-anchor\"><svg width=\"24\" height=\"24\" viewBox=\"0 0 24 24\" version=\"1.1\" xmlns=\"http:\/\/www.w3.org\/2000\/svg\" aria-hidden=\"true\" focusable=\"false\"><path d=\"M12 2C6.5 2 2 6.5 2 12c0 5 3.7 9.1 8.4 9.9v-7H7.9V12h2.5V9.8c0-2.5 1.5-3.9 3.8-3.9 1.1 0 2.2.2 2.2.2v2.5h-1.3c-1.2 0-1.6.8-1.6 1.6V12h2.8l-.4 2.9h-2.3v7C18.3 21.1 22 17 22 12c0-5.5-4.5-10-10-10z\"><\/path><\/svg><span class=\"wp-block-social-link-label screen-reader-text\">Facebook<\/span><\/a><\/li><\/ul>\n\n\n\n<hr class=\"wp-block-separator has-alpha-channel-opacity\"\/>\n\n\n\n<h2 class=\"wp-block-heading has-kubio-color-1-color has-text-color has-link-color has-large-font-size wp-elements-a178c7b374a80c00b0f4cffd2e1424a7\">The Cosy Shop \u2013 \u00c9l\u00e9gance et Style \u00e0 Pont-Aven<\/h2>\n\n\n\n<p class=\"has-kubio-color-6-color has-text-color has-link-color has-medium-font-size wp-elements-9fcf0be2c5e2df502b4c255ea65c1286\">The Cosy Shop se distingue comme une v\u00e9ritable p\u00e9pite de Pont-Aven, proposant une s\u00e9lection raffin\u00e9e de v\u00eatements pour hommes et femmes. La boutique est reconnue pour son style chic et outdoor, parfait pour ceux en qu\u00eate de confort et d\u2019\u00e9l\u00e9gance. Vous y trouverez des v\u00eatements intemporels de haute qualit\u00e9 : pantalons, chemises, vestes, pulls et robes. Les marques propos\u00e9es incluent des labels renomm\u00e9s comme Barbour, Harris Tweed et Loxwood.<\/p>\n\n\n\n<p class=\"has-kubio-color-6-color has-text-color has-link-color has-medium-font-size wp-elements-1518e838ae58943dc5e61237b250d652\">L\u2019accueil chaleureux et les conseils ajoutent \u00e0 l\u2019exp\u00e9rience shopping. En plus des v\u00eatements, The Cosy Shop propose des chapeaux, accessoires, et une petite s\u00e9lection de produits comme du tabac haut de gamme et des cigares. Chaque visite \u00e0 cette boutique est un moment agr\u00e9able et personnalis\u00e9<\/p>\n\n\n\n<figure class=\"wp-block-gallery has-nested-images columns-default is-cropped wp-block-gallery-3 is-layout-flex wp-block-gallery-is-layout-flex\">\n<figure class=\"wp-block-image size-large\"><img loading=\"lazy\" decoding=\"async\" width=\"768\" height=\"768\" data-id=\"2721\" src=\"https:\/\/vitrinesdepontaven.com\/wp-content\/uploads\/2024\/12\/60f676c06300007ad1b17583.jpg\" alt=\"\" class=\"wp-image-2721\" srcset=\"https:\/\/vitrinesdepontaven.com\/wp-content\/uploads\/2024\/12\/60f676c06300007ad1b17583.jpg 768w, https:\/\/vitrinesdepontaven.com\/wp-content\/uploads\/2024\/12\/60f676c06300007ad1b17583-300x300.jpg 300w, https:\/\/vitrinesdepontaven.com\/wp-content\/uploads\/2024\/12\/60f676c06300007ad1b17583-150x150.jpg 150w\" sizes=\"(max-width: 768px) 100vw, 768px\" \/><\/figure>\n\n\n\n<figure class=\"wp-block-image size-large\"><img loading=\"lazy\" decoding=\"async\" width=\"480\" height=\"640\" data-id=\"2560\" src=\"https:\/\/vitrinesdepontaven.com\/wp-content\/uploads\/2024\/11\/IMG_3970-1-rotated.jpg\" alt=\"\" class=\"wp-image-2560\" srcset=\"https:\/\/vitrinesdepontaven.com\/wp-content\/uploads\/2024\/11\/IMG_3970-1-rotated.jpg 480w, https:\/\/vitrinesdepontaven.com\/wp-content\/uploads\/2024\/11\/IMG_3970-1-225x300.jpg 225w, https:\/\/vitrinesdepontaven.com\/wp-content\/uploads\/2024\/11\/IMG_3970-1-110x146.jpg 110w, https:\/\/vitrinesdepontaven.com\/wp-content\/uploads\/2024\/11\/IMG_3970-1-38x50.jpg 38w, https:\/\/vitrinesdepontaven.com\/wp-content\/uploads\/2024\/11\/IMG_3970-1-56x75.jpg 56w\" sizes=\"(max-width: 480px) 100vw, 480px\" \/><\/figure>\n<\/figure>\n\n\n\n<p><\/p>\n\n\n\n<ul class=\"wp-block-list\">\n<li class=\"has-kubio-color-4-color has-text-color has-link-color has-medium-font-size wp-elements-dfd934e04c0ddbe6dce36f5dde793c9f\"><strong>Adresse :<\/strong>&nbsp;26 Place Julia, 29930 Pont-Aven<\/li>\n\n\n\n<li class=\"has-kubio-color-4-color has-text-color has-link-color has-medium-font-size wp-elements-8cf6a0f5f8c7153c5fb9ee4e8ab527a7\"><strong>T\u00e9l\u00e9phone: <\/strong>02 98 06 05 73<\/li>\n\n\n\n<li class=\"has-kubio-color-4-color has-text-color has-link-color has-medium-font-size wp-elements-d74c46c6a498a68044cf7e0b1feed6d9\"><strong>Site Internet :<\/strong>&nbsp;<a href=\"https:\/\/the-cosy-shop.com\/\">The&nbsp;Cosy&nbsp;Shop<\/a><\/li>\n<\/ul>\n\n\n\n<ul class=\"wp-block-social-links aligncenter is-layout-flex wp-block-social-links-is-layout-flex\"><li class=\"wp-social-link wp-social-link-instagram  wp-block-social-link\"><a href=\"https:\/\/www.instagram.com\/thecosyshop.pontaven\/\" class=\"wp-block-social-link-anchor\"><svg width=\"24\" height=\"24\" viewBox=\"0 0 24 24\" version=\"1.1\" xmlns=\"http:\/\/www.w3.org\/2000\/svg\" aria-hidden=\"true\" focusable=\"false\"><path d=\"M12,4.622c2.403,0,2.688,0.009,3.637,0.052c0.877,0.04,1.354,0.187,1.671,0.31c0.42,0.163,0.72,0.358,1.035,0.673 c0.315,0.315,0.51,0.615,0.673,1.035c0.123,0.317,0.27,0.794,0.31,1.671c0.043,0.949,0.052,1.234,0.052,3.637 s-0.009,2.688-0.052,3.637c-0.04,0.877-0.187,1.354-0.31,1.671c-0.163,0.42-0.358,0.72-0.673,1.035 c-0.315,0.315-0.615,0.51-1.035,0.673c-0.317,0.123-0.794,0.27-1.671,0.31c-0.949,0.043-1.233,0.052-3.637,0.052 s-2.688-0.009-3.637-0.052c-0.877-0.04-1.354-0.187-1.671-0.31c-0.42-0.163-0.72-0.358-1.035-0.673 c-0.315-0.315-0.51-0.615-0.673-1.035c-0.123-0.317-0.27-0.794-0.31-1.671C4.631,14.688,4.622,14.403,4.622,12 s0.009-2.688,0.052-3.637c0.04-0.877,0.187-1.354,0.31-1.671c0.163-0.42,0.358-0.72,0.673-1.035 c0.315-0.315,0.615-0.51,1.035-0.673c0.317-0.123,0.794-0.27,1.671-0.31C9.312,4.631,9.597,4.622,12,4.622 M12,3 C9.556,3,9.249,3.01,8.289,3.054C7.331,3.098,6.677,3.25,6.105,3.472C5.513,3.702,5.011,4.01,4.511,4.511 c-0.5,0.5-0.808,1.002-1.038,1.594C3.25,6.677,3.098,7.331,3.054,8.289C3.01,9.249,3,9.556,3,12c0,2.444,0.01,2.751,0.054,3.711 c0.044,0.958,0.196,1.612,0.418,2.185c0.23,0.592,0.538,1.094,1.038,1.594c0.5,0.5,1.002,0.808,1.594,1.038 c0.572,0.222,1.227,0.375,2.185,0.418C9.249,20.99,9.556,21,12,21s2.751-0.01,3.711-0.054c0.958-0.044,1.612-0.196,2.185-0.418 c0.592-0.23,1.094-0.538,1.594-1.038c0.5-0.5,0.808-1.002,1.038-1.594c0.222-0.572,0.375-1.227,0.418-2.185 C20.99,14.751,21,14.444,21,12s-0.01-2.751-0.054-3.711c-0.044-0.958-0.196-1.612-0.418-2.185c-0.23-0.592-0.538-1.094-1.038-1.594 c-0.5-0.5-1.002-0.808-1.594-1.038c-0.572-0.222-1.227-0.375-2.185-0.418C14.751,3.01,14.444,3,12,3L12,3z M12,7.378 c-2.552,0-4.622,2.069-4.622,4.622S9.448,16.622,12,16.622s4.622-2.069,4.622-4.622S14.552,7.378,12,7.378z M12,15 c-1.657,0-3-1.343-3-3s1.343-3,3-3s3,1.343,3,3S13.657,15,12,15z M16.804,6.116c-0.596,0-1.08,0.484-1.08,1.08 s0.484,1.08,1.08,1.08c0.596,0,1.08-0.484,1.08-1.08S17.401,6.116,16.804,6.116z\"><\/path><\/svg><span class=\"wp-block-social-link-label screen-reader-text\">Instagram<\/span><\/a><\/li>\n\n<li class=\"wp-social-link wp-social-link-facebook  wp-block-social-link\"><a href=\"https:\/\/www.google.com\/search?q=the+cosy+shop+facebook&#038;sca_esv=131e31cfccb5a654&#038;rlz=1C1ONGR_frFR939FR939&#038;biw=1536&#038;bih=730&#038;sxsrf=ADLYWIKMF5sdm-pI-OJKdZkeR5T5faJgyA%3A1733148002417&#038;ei=Yr1NZ_jFGM2tkdUP9cbLwAg&#038;oq=the+cosy+shop+fa&#038;gs_lp=Egxnd3Mtd2l6LXNlcnAiEHRoZSBjb3N5IHNob3AgZmEqAggAMgUQIRigATIFECEYoAEyBRAhGKABMgUQIRigATIFECEYnwVI_gtQjAJYzAVwAXgBkAEAmAGtAaAB2gOqAQMwLjO4AQPIAQD4AQGYAgSgAqIEwgIQEC4YsAMYxwEYJxiOBRivAcICChAAGLADGNYEGEfCAhMQLhiABBjHARgnGIoFGI4FGK8BwgIIEAAYgAQYywHCAgYQABgWGB7CAggQABgWGAoYHsICIBAuGIAEGMcBGIoFGI4FGK8BGJcFGNwEGN4EGOAE2AEBwgICECbCAggQABiABBiiBJgDAIgGAZAGBroGBggBEAEYFJIHAzEuM6AHgBM&#038;sclient=gws-wiz-serp\" class=\"wp-block-social-link-anchor\"><svg width=\"24\" height=\"24\" viewBox=\"0 0 24 24\" version=\"1.1\" xmlns=\"http:\/\/www.w3.org\/2000\/svg\" aria-hidden=\"true\" focusable=\"false\"><path d=\"M12 2C6.5 2 2 6.5 2 12c0 5 3.7 9.1 8.4 9.9v-7H7.9V12h2.5V9.8c0-2.5 1.5-3.9 3.8-3.9 1.1 0 2.2.2 2.2.2v2.5h-1.3c-1.2 0-1.6.8-1.6 1.6V12h2.8l-.4 2.9h-2.3v7C18.3 21.1 22 17 22 12c0-5.5-4.5-10-10-10z\"><\/path><\/svg><span class=\"wp-block-social-link-label screen-reader-text\">Facebook<\/span><\/a><\/li><\/ul>\n\n\n\n<p class=\"has-kubio-color-6-color has-text-color has-link-color has-medium-font-size wp-elements-b8a4ce0c2cbda3482f27d60a4af1fc65\"><\/p>\n\n\n\n<hr class=\"wp-block-separator has-alpha-channel-opacity\"\/>\n\n\n\n<h3 class=\"wp-block-heading has-kubio-color-1-color has-text-color has-link-color has-large-font-size wp-elements-6c6e0b17cdcaee99332f87c0f63c9767\">Magasin Kilia \u2013 Mode et \u00c9l\u00e9gance au C\u0153ur de Pont-Aven<\/h3>\n\n\n\n<p class=\"has-kubio-color-6-color has-text-color has-link-color has-medium-font-size wp-elements-c24f8df83437ca4ec5d8bda4f67a2ac4\">Situ\u00e9 en plein c\u0153ur de Pont-Aven,&nbsp;Magasin Kilia&nbsp;est un incontournable pour les amateurs de mode \u00e9l\u00e9gante et intemporelle. Cette boutique propose une s\u00e9lection soigneusement choisie de v\u00eatements et accessoires pour femme, alliant modernit\u00e9 et authenticit\u00e9. Les collections mettent en avant des pi\u00e8ces aux coupes impeccables et aux tissus de qualit\u00e9, parfaites pour les occasions sp\u00e9ciales ou le quotidien.<\/p>\n\n\n\n<p class=\"has-kubio-color-6-color has-text-color has-link-color has-medium-font-size wp-elements-5514f6253bef120ac9ea2eef8fb242d0\">En plus des v\u00eatements, vous y trouverez des accessoires tendance qui compl\u00e8tent harmonieusement chaque tenue. La boutique s\u2019adresse \u00e0 une client\u00e8le recherchant des articles aussi esth\u00e9tiques que pratiques, dans une ambiance chaleureuse et accueillante.<\/p>\n\n\n\n<figure class=\"wp-block-image size-full is-resized\"><img loading=\"lazy\" decoding=\"async\" width=\"600\" height=\"800\" src=\"https:\/\/vitrinesdepontaven.com\/wp-content\/uploads\/2024\/12\/5d3f22f17e0000205f1738ab.jpg\" alt=\"\" class=\"wp-image-2726\" style=\"width:455px;height:auto\" srcset=\"https:\/\/vitrinesdepontaven.com\/wp-content\/uploads\/2024\/12\/5d3f22f17e0000205f1738ab.jpg 600w, https:\/\/vitrinesdepontaven.com\/wp-content\/uploads\/2024\/12\/5d3f22f17e0000205f1738ab-225x300.jpg 225w\" sizes=\"(max-width: 600px) 100vw, 600px\" \/><\/figure>\n\n\n\n<p><\/p>\n\n\n\n<ul class=\"wp-block-list\">\n<li class=\"has-kubio-color-6-color has-text-color has-link-color has-medium-font-size wp-elements-63e2d58c35fd6a26a7db02ef8ab1ee39\"><strong>Adresse :<\/strong> 1 Pl. Paul Gauguin, 29930 Pont-Aven<\/li>\n\n\n\n<li class=\"has-kubio-color-6-color has-text-color has-link-color has-medium-font-size wp-elements-9cb7042c35e21b2c4c77f276ebd2bfc6\"><strong>T\u00e9l\u00e9phone :<\/strong>&nbsp;02 98 06 09 78<\/li>\n<\/ul>\n\n\n\n<hr class=\"wp-block-separator has-alpha-channel-opacity\"\/>\n\n\n\n<h2 class=\"wp-block-heading\">727 sailbags &#8211; Collections en voile recycl\u00e9e<\/h2>\n\n\n\n<p>Depuis 2005, \u00e0 Lorient, 727 Sailbags recycle des voiles de bateaux charg\u00e9es d\u2019histoires pour cr\u00e9er des articles uniques. Plongez dans l\u2019aventure de la voile avec nos collections de sacs, pr\u00eat-\u00e0-porter et objets de d\u00e9coration. <\/p>\n\n\n\n<figure class=\"wp-block-image size-large\"><img loading=\"lazy\" decoding=\"async\" width=\"713\" height=\"1024\" src=\"https:\/\/vitrinesdepontaven.com\/wp-content\/uploads\/2024\/12\/IMG_8672-713x1024.jpeg\" alt=\"\" class=\"wp-image-2950\" srcset=\"https:\/\/vitrinesdepontaven.com\/wp-content\/uploads\/2024\/12\/IMG_8672-713x1024.jpeg 713w, https:\/\/vitrinesdepontaven.com\/wp-content\/uploads\/2024\/12\/IMG_8672-209x300.jpeg 209w, https:\/\/vitrinesdepontaven.com\/wp-content\/uploads\/2024\/12\/IMG_8672-768x1104.jpeg 768w, https:\/\/vitrinesdepontaven.com\/wp-content\/uploads\/2024\/12\/IMG_8672-752x1080.jpeg 752w, https:\/\/vitrinesdepontaven.com\/wp-content\/uploads\/2024\/12\/IMG_8672.jpeg 1046w\" sizes=\"(max-width: 713px) 100vw, 713px\" \/><\/figure>\n\n\n\n<p>adresse : 5 rue \u00c9mile Bernard &#8211; Pont-Aven <\/p>\n\n\n\n<p>t\u00e9l\u00e9phone: 0298096709<\/p>\n\n\n\n<p>site web : <a href=\"https:\/\/www.727sailbags.com\/fr\/?gad_source=1&amp;gad_campaignid=19620327014&amp;gbraid=0AAAAAD9hypagR_ku5vOIhbCJVP2Hzv0bN&amp;gclid=CjwKCAjwyb3DBhBlEiwAqZLe5N2msszFZYyUktyfRGcBKw3F4RVZx5Lru30KvpEab_4SauSdnRjvRhoCw8gQAvD_BwE\">https:\/\/www.727sailbags.com<\/a><\/p>\n\n\n\n<p>@727sailbags_official <\/p>\n","protected":false},"excerpt":{"rendered":"<p>7 Bis&nbsp;\u2013&nbsp;V\u00eatements et Accessoires \u00c9l\u00e9gants Situ\u00e9e en plein c\u0153ur de Pont-Aven,&nbsp;7 Bis&nbsp;est une boutique incontournable pour les amoureux de mode. Elle propose une s\u00e9lection pointue de v\u00eatements et accessoires modernes, toujours dans l&rsquo;air du temps. Chaque article est choisi avec soin pour allier confort et \u00e9l\u00e9gance, et la boutique met l&rsquo;accent sur des marques de [&hellip;]<\/p>\n","protected":false},"author":1,"featured_media":0,"comment_status":"open","ping_status":"open","sticky":false,"template":"","format":"standard","meta":{"saved_in_kubio":false,"footnotes":""},"categories":[13],"tags":[],"class_list":["post-2704","post","type-post","status-publish","format-standard","hentry","category-boutique"],"yoast_head":"<!-- This site is optimized with the Yoast SEO plugin v23.9 - https:\/\/yoast.com\/wordpress\/plugins\/seo\/ -->\n<title>Mode et Accessoires - Les Vitrines de Pont-Aven<\/title>\n<meta name=\"robots\" content=\"index, follow, max-snippet:-1, max-image-preview:large, max-video-preview:-1\" \/>\n<link rel=\"canonical\" href=\"https:\/\/vitrinesdepontaven.com\/?p=2704\" \/>\n<meta property=\"og:locale\" content=\"fr_FR\" \/>\n<meta property=\"og:type\" content=\"article\" \/>\n<meta property=\"og:title\" content=\"Mode et Accessoires - Les Vitrines de Pont-Aven\" \/>\n<meta property=\"og:description\" content=\"7 Bis&nbsp;\u2013&nbsp;V\u00eatements et Accessoires \u00c9l\u00e9gants Situ\u00e9e en plein c\u0153ur de Pont-Aven,&nbsp;7 Bis&nbsp;est une boutique incontournable pour les amoureux de mode. Elle propose une s\u00e9lection pointue de v\u00eatements et accessoires modernes, toujours dans l&rsquo;air du temps. Chaque article est choisi avec soin pour allier confort et \u00e9l\u00e9gance, et la boutique met l&rsquo;accent sur des marques de [&hellip;]\" \/>\n<meta property=\"og:url\" content=\"https:\/\/vitrinesdepontaven.com\/?p=2704\" \/>\n<meta property=\"og:site_name\" content=\"Les Vitrines de Pont-Aven\" \/>\n<meta property=\"article:author\" content=\"https:\/\/www.facebook.com\/vitrines2pontaven\/\" \/>\n<meta property=\"article:published_time\" content=\"2024-12-02T13:46:00+00:00\" \/>\n<meta property=\"article:modified_time\" content=\"2026-04-03T09:43:45+00:00\" \/>\n<meta property=\"og:image\" content=\"https:\/\/vitrinesdepontaven.com\/wp-content\/uploads\/2024\/12\/IMG_0584-e1699200846877-1024x618-2.jpeg\" \/>\n\t<meta property=\"og:image:width\" content=\"1024\" \/>\n\t<meta property=\"og:image:height\" content=\"618\" \/>\n\t<meta property=\"og:image:type\" content=\"image\/jpeg\" \/>\n<meta name=\"author\" content=\"VitrinesDePontAven\" \/>\n<meta name=\"twitter:card\" content=\"summary_large_image\" \/>\n<meta name=\"twitter:label1\" content=\"\u00c9crit par\" \/>\n\t<meta name=\"twitter:data1\" content=\"VitrinesDePontAven\" \/>\n\t<meta name=\"twitter:label2\" content=\"Dur\u00e9e de lecture estim\u00e9e\" \/>\n\t<meta name=\"twitter:data2\" content=\"5 minutes\" \/>\n<script type=\"application\/ld+json\" class=\"yoast-schema-graph\">{\"@context\":\"https:\/\/schema.org\",\"@graph\":[{\"@type\":\"Article\",\"@id\":\"https:\/\/vitrinesdepontaven.com\/?p=2704#article\",\"isPartOf\":{\"@id\":\"https:\/\/vitrinesdepontaven.com\/?p=2704\"},\"author\":{\"name\":\"VitrinesDePontAven\",\"@id\":\"https:\/\/vitrinesdepontaven.com\/#\/schema\/person\/6b33a371b6c83502f362cd9a83c315de\"},\"headline\":\"Mode et Accessoires\",\"datePublished\":\"2024-12-02T13:46:00+00:00\",\"dateModified\":\"2026-04-03T09:43:45+00:00\",\"mainEntityOfPage\":{\"@id\":\"https:\/\/vitrinesdepontaven.com\/?p=2704\"},\"wordCount\":628,\"commentCount\":0,\"publisher\":{\"@id\":\"https:\/\/vitrinesdepontaven.com\/#organization\"},\"image\":{\"@id\":\"https:\/\/vitrinesdepontaven.com\/?p=2704#primaryimage\"},\"thumbnailUrl\":\"https:\/\/vitrinesdepontaven.com\/wp-content\/uploads\/2024\/12\/IMG_0584-e1699200846877-1024x618-2.jpeg\",\"articleSection\":[\"Boutiques\"],\"inLanguage\":\"fr-FR\",\"potentialAction\":[{\"@type\":\"CommentAction\",\"name\":\"Comment\",\"target\":[\"https:\/\/vitrinesdepontaven.com\/?p=2704#respond\"]}]},{\"@type\":\"WebPage\",\"@id\":\"https:\/\/vitrinesdepontaven.com\/?p=2704\",\"url\":\"https:\/\/vitrinesdepontaven.com\/?p=2704\",\"name\":\"Mode et Accessoires - Les Vitrines de Pont-Aven\",\"isPartOf\":{\"@id\":\"https:\/\/vitrinesdepontaven.com\/#website\"},\"primaryImageOfPage\":{\"@id\":\"https:\/\/vitrinesdepontaven.com\/?p=2704#primaryimage\"},\"image\":{\"@id\":\"https:\/\/vitrinesdepontaven.com\/?p=2704#primaryimage\"},\"thumbnailUrl\":\"https:\/\/vitrinesdepontaven.com\/wp-content\/uploads\/2024\/12\/IMG_0584-e1699200846877-1024x618-2.jpeg\",\"datePublished\":\"2024-12-02T13:46:00+00:00\",\"dateModified\":\"2026-04-03T09:43:45+00:00\",\"breadcrumb\":{\"@id\":\"https:\/\/vitrinesdepontaven.com\/?p=2704#breadcrumb\"},\"inLanguage\":\"fr-FR\",\"potentialAction\":[{\"@type\":\"ReadAction\",\"target\":[\"https:\/\/vitrinesdepontaven.com\/?p=2704\"]}]},{\"@type\":\"ImageObject\",\"inLanguage\":\"fr-FR\",\"@id\":\"https:\/\/vitrinesdepontaven.com\/?p=2704#primaryimage\",\"url\":\"https:\/\/vitrinesdepontaven.com\/wp-content\/uploads\/2024\/12\/IMG_0584-e1699200846877-1024x618-2.jpeg\",\"contentUrl\":\"https:\/\/vitrinesdepontaven.com\/wp-content\/uploads\/2024\/12\/IMG_0584-e1699200846877-1024x618-2.jpeg\",\"width\":1024,\"height\":618},{\"@type\":\"BreadcrumbList\",\"@id\":\"https:\/\/vitrinesdepontaven.com\/?p=2704#breadcrumb\",\"itemListElement\":[{\"@type\":\"ListItem\",\"position\":1,\"name\":\"Accueil\",\"item\":\"https:\/\/vitrinesdepontaven.com\/\"},{\"@type\":\"ListItem\",\"position\":2,\"name\":\"Mode et Accessoires\"}]},{\"@type\":\"WebSite\",\"@id\":\"https:\/\/vitrinesdepontaven.com\/#website\",\"url\":\"https:\/\/vitrinesdepontaven.com\/\",\"name\":\"Les Vitrines de Pont-Aven\",\"description\":\"Groupement de  commer\u00e7ants de Pont Aven\",\"publisher\":{\"@id\":\"https:\/\/vitrinesdepontaven.com\/#organization\"},\"potentialAction\":[{\"@type\":\"SearchAction\",\"target\":{\"@type\":\"EntryPoint\",\"urlTemplate\":\"https:\/\/vitrinesdepontaven.com\/?s={search_term_string}\"},\"query-input\":{\"@type\":\"PropertyValueSpecification\",\"valueRequired\":true,\"valueName\":\"search_term_string\"}}],\"inLanguage\":\"fr-FR\"},{\"@type\":\"Organization\",\"@id\":\"https:\/\/vitrinesdepontaven.com\/#organization\",\"name\":\"Les Vitrines de Pont-Aven\",\"url\":\"https:\/\/vitrinesdepontaven.com\/\",\"logo\":{\"@type\":\"ImageObject\",\"inLanguage\":\"fr-FR\",\"@id\":\"https:\/\/vitrinesdepontaven.com\/#\/schema\/logo\/image\/\",\"url\":\"https:\/\/vitrinesdepontaven.com\/wp-content\/uploads\/2019\/05\/cropped-Image-logo.jpg\",\"contentUrl\":\"https:\/\/vitrinesdepontaven.com\/wp-content\/uploads\/2019\/05\/cropped-Image-logo.jpg\",\"width\":512,\"height\":512,\"caption\":\"Les Vitrines de Pont-Aven \"},\"image\":{\"@id\":\"https:\/\/vitrinesdepontaven.com\/#\/schema\/logo\/image\/\"}},{\"@type\":\"Person\",\"@id\":\"https:\/\/vitrinesdepontaven.com\/#\/schema\/person\/6b33a371b6c83502f362cd9a83c315de\",\"name\":\"VitrinesDePontAven\",\"image\":{\"@type\":\"ImageObject\",\"inLanguage\":\"fr-FR\",\"@id\":\"https:\/\/vitrinesdepontaven.com\/#\/schema\/person\/image\/\",\"url\":\"https:\/\/secure.gravatar.com\/avatar\/af445232e6ba0eed55080631c19f2051?s=96&d=mm&r=g\",\"contentUrl\":\"https:\/\/secure.gravatar.com\/avatar\/af445232e6ba0eed55080631c19f2051?s=96&d=mm&r=g\",\"caption\":\"VitrinesDePontAven\"},\"sameAs\":[\"https:\/\/www.facebook.com\/vitrines2pontaven\/\",\"https:\/\/www.instagram.com\/vitrinesdepontaven\/\"],\"url\":\"https:\/\/vitrinesdepontaven.com\/?author=1\"}]}<\/script>\n<!-- \/ Yoast SEO plugin. -->","yoast_head_json":{"title":"Mode et Accessoires - Les Vitrines de Pont-Aven","robots":{"index":"index","follow":"follow","max-snippet":"max-snippet:-1","max-image-preview":"max-image-preview:large","max-video-preview":"max-video-preview:-1"},"canonical":"https:\/\/vitrinesdepontaven.com\/?p=2704","og_locale":"fr_FR","og_type":"article","og_title":"Mode et Accessoires - Les Vitrines de Pont-Aven","og_description":"7 Bis&nbsp;\u2013&nbsp;V\u00eatements et Accessoires \u00c9l\u00e9gants Situ\u00e9e en plein c\u0153ur de Pont-Aven,&nbsp;7 Bis&nbsp;est une boutique incontournable pour les amoureux de mode. Elle propose une s\u00e9lection pointue de v\u00eatements et accessoires modernes, toujours dans l&rsquo;air du temps. Chaque article est choisi avec soin pour allier confort et \u00e9l\u00e9gance, et la boutique met l&rsquo;accent sur des marques de [&hellip;]","og_url":"https:\/\/vitrinesdepontaven.com\/?p=2704","og_site_name":"Les Vitrines de Pont-Aven","article_author":"https:\/\/www.facebook.com\/vitrines2pontaven\/","article_published_time":"2024-12-02T13:46:00+00:00","article_modified_time":"2026-04-03T09:43:45+00:00","og_image":[{"width":1024,"height":618,"url":"https:\/\/vitrinesdepontaven.com\/wp-content\/uploads\/2024\/12\/IMG_0584-e1699200846877-1024x618-2.jpeg","type":"image\/jpeg"}],"author":"VitrinesDePontAven","twitter_card":"summary_large_image","twitter_misc":{"\u00c9crit par":"VitrinesDePontAven","Dur\u00e9e de lecture estim\u00e9e":"5 minutes"},"schema":{"@context":"https:\/\/schema.org","@graph":[{"@type":"Article","@id":"https:\/\/vitrinesdepontaven.com\/?p=2704#article","isPartOf":{"@id":"https:\/\/vitrinesdepontaven.com\/?p=2704"},"author":{"name":"VitrinesDePontAven","@id":"https:\/\/vitrinesdepontaven.com\/#\/schema\/person\/6b33a371b6c83502f362cd9a83c315de"},"headline":"Mode et Accessoires","datePublished":"2024-12-02T13:46:00+00:00","dateModified":"2026-04-03T09:43:45+00:00","mainEntityOfPage":{"@id":"https:\/\/vitrinesdepontaven.com\/?p=2704"},"wordCount":628,"commentCount":0,"publisher":{"@id":"https:\/\/vitrinesdepontaven.com\/#organization"},"image":{"@id":"https:\/\/vitrinesdepontaven.com\/?p=2704#primaryimage"},"thumbnailUrl":"https:\/\/vitrinesdepontaven.com\/wp-content\/uploads\/2024\/12\/IMG_0584-e1699200846877-1024x618-2.jpeg","articleSection":["Boutiques"],"inLanguage":"fr-FR","potentialAction":[{"@type":"CommentAction","name":"Comment","target":["https:\/\/vitrinesdepontaven.com\/?p=2704#respond"]}]},{"@type":"WebPage","@id":"https:\/\/vitrinesdepontaven.com\/?p=2704","url":"https:\/\/vitrinesdepontaven.com\/?p=2704","name":"Mode et Accessoires - Les Vitrines de Pont-Aven","isPartOf":{"@id":"https:\/\/vitrinesdepontaven.com\/#website"},"primaryImageOfPage":{"@id":"https:\/\/vitrinesdepontaven.com\/?p=2704#primaryimage"},"image":{"@id":"https:\/\/vitrinesdepontaven.com\/?p=2704#primaryimage"},"thumbnailUrl":"https:\/\/vitrinesdepontaven.com\/wp-content\/uploads\/2024\/12\/IMG_0584-e1699200846877-1024x618-2.jpeg","datePublished":"2024-12-02T13:46:00+00:00","dateModified":"2026-04-03T09:43:45+00:00","breadcrumb":{"@id":"https:\/\/vitrinesdepontaven.com\/?p=2704#breadcrumb"},"inLanguage":"fr-FR","potentialAction":[{"@type":"ReadAction","target":["https:\/\/vitrinesdepontaven.com\/?p=2704"]}]},{"@type":"ImageObject","inLanguage":"fr-FR","@id":"https:\/\/vitrinesdepontaven.com\/?p=2704#primaryimage","url":"https:\/\/vitrinesdepontaven.com\/wp-content\/uploads\/2024\/12\/IMG_0584-e1699200846877-1024x618-2.jpeg","contentUrl":"https:\/\/vitrinesdepontaven.com\/wp-content\/uploads\/2024\/12\/IMG_0584-e1699200846877-1024x618-2.jpeg","width":1024,"height":618},{"@type":"BreadcrumbList","@id":"https:\/\/vitrinesdepontaven.com\/?p=2704#breadcrumb","itemListElement":[{"@type":"ListItem","position":1,"name":"Accueil","item":"https:\/\/vitrinesdepontaven.com\/"},{"@type":"ListItem","position":2,"name":"Mode et Accessoires"}]},{"@type":"WebSite","@id":"https:\/\/vitrinesdepontaven.com\/#website","url":"https:\/\/vitrinesdepontaven.com\/","name":"Les Vitrines de Pont-Aven","description":"Groupement de  commer\u00e7ants de Pont Aven","publisher":{"@id":"https:\/\/vitrinesdepontaven.com\/#organization"},"potentialAction":[{"@type":"SearchAction","target":{"@type":"EntryPoint","urlTemplate":"https:\/\/vitrinesdepontaven.com\/?s={search_term_string}"},"query-input":{"@type":"PropertyValueSpecification","valueRequired":true,"valueName":"search_term_string"}}],"inLanguage":"fr-FR"},{"@type":"Organization","@id":"https:\/\/vitrinesdepontaven.com\/#organization","name":"Les Vitrines de Pont-Aven","url":"https:\/\/vitrinesdepontaven.com\/","logo":{"@type":"ImageObject","inLanguage":"fr-FR","@id":"https:\/\/vitrinesdepontaven.com\/#\/schema\/logo\/image\/","url":"https:\/\/vitrinesdepontaven.com\/wp-content\/uploads\/2019\/05\/cropped-Image-logo.jpg","contentUrl":"https:\/\/vitrinesdepontaven.com\/wp-content\/uploads\/2019\/05\/cropped-Image-logo.jpg","width":512,"height":512,"caption":"Les Vitrines de Pont-Aven "},"image":{"@id":"https:\/\/vitrinesdepontaven.com\/#\/schema\/logo\/image\/"}},{"@type":"Person","@id":"https:\/\/vitrinesdepontaven.com\/#\/schema\/person\/6b33a371b6c83502f362cd9a83c315de","name":"VitrinesDePontAven","image":{"@type":"ImageObject","inLanguage":"fr-FR","@id":"https:\/\/vitrinesdepontaven.com\/#\/schema\/person\/image\/","url":"https:\/\/secure.gravatar.com\/avatar\/af445232e6ba0eed55080631c19f2051?s=96&d=mm&r=g","contentUrl":"https:\/\/secure.gravatar.com\/avatar\/af445232e6ba0eed55080631c19f2051?s=96&d=mm&r=g","caption":"VitrinesDePontAven"},"sameAs":["https:\/\/www.facebook.com\/vitrines2pontaven\/","https:\/\/www.instagram.com\/vitrinesdepontaven\/"],"url":"https:\/\/vitrinesdepontaven.com\/?author=1"}]}},"_links":{"self":[{"href":"https:\/\/vitrinesdepontaven.com\/index.php?rest_route=\/wp\/v2\/posts\/2704","targetHints":{"allow":["GET"]}}],"collection":[{"href":"https:\/\/vitrinesdepontaven.com\/index.php?rest_route=\/wp\/v2\/posts"}],"about":[{"href":"https:\/\/vitrinesdepontaven.com\/index.php?rest_route=\/wp\/v2\/types\/post"}],"author":[{"embeddable":true,"href":"https:\/\/vitrinesdepontaven.com\/index.php?rest_route=\/wp\/v2\/users\/1"}],"replies":[{"embeddable":true,"href":"https:\/\/vitrinesdepontaven.com\/index.php?rest_route=%2Fwp%2Fv2%2Fcomments&post=2704"}],"version-history":[{"count":10,"href":"https:\/\/vitrinesdepontaven.com\/index.php?rest_route=\/wp\/v2\/posts\/2704\/revisions"}],"predecessor-version":[{"id":2951,"href":"https:\/\/vitrinesdepontaven.com\/index.php?rest_route=\/wp\/v2\/posts\/2704\/revisions\/2951"}],"wp:attachment":[{"href":"https:\/\/vitrinesdepontaven.com\/index.php?rest_route=%2Fwp%2Fv2%2Fmedia&parent=2704"}],"wp:term":[{"taxonomy":"category","embeddable":true,"href":"https:\/\/vitrinesdepontaven.com\/index.php?rest_route=%2Fwp%2Fv2%2Fcategories&post=2704"},{"taxonomy":"post_tag","embeddable":true,"href":"https:\/\/vitrinesdepontaven.com\/index.php?rest_route=%2Fwp%2Fv2%2Ftags&post=2704"}],"curies":[{"name":"wp","href":"https:\/\/api.w.org\/{rel}","templated":true}]}}